{"id":78,"date":"2012-09-26T23:00:00","date_gmt":"2012-09-26T21:00:00","guid":{"rendered":"http:\/\/www.kondolia.org\/2012\/09\/26\/trauer\/"},"modified":"2024-01-09T15:29:51","modified_gmt":"2024-01-09T14:29:51","slug":"trauer","status":"publish","type":"post","link":"http:\/\/www.kondolia.de\/?p=78","title":{"rendered":"Trauer um Dr. Nabendu Sircar"},"content":{"rendered":"\n<p>Der Krankenhaus Kondolia F\u00f6rderverein trauert um seinen Gr\u00fcnder, Vorsitzenden und Freund<\/p>\n\n\n<div class=\"wp-block-image\">\n<figure class=\"aligncenter\"><img fetchpriority=\"high\" decoding=\"async\" width=\"285\" height=\"300\" src=\"http:\/\/www.kondolia.org\/wp-content\/uploads\/2012\/09\/Portrait-Papa2-e1698613715190-285x300.jpg\" alt=\"\" class=\"wp-image-152\" srcset=\"http:\/\/www.kondolia.de\/wp-content\/uploads\/2012\/09\/Portrait-Papa2-e1698613715190-285x300.jpg 285w, http:\/\/www.kondolia.de\/wp-content\/uploads\/2012\/09\/Portrait-Papa2-e1698613715190-974x1024.jpg 974w, http:\/\/www.kondolia.de\/wp-content\/uploads\/2012\/09\/Portrait-Papa2-e1698613715190-768x808.jpg 768w, http:\/\/www.kondolia.de\/wp-content\/uploads\/2012\/09\/Portrait-Papa2-e1698613715190-1461x1536.jpg 1461w, http:\/\/www.kondolia.de\/wp-content\/uploads\/2012\/09\/Portrait-Papa2-e1698613715190.jpg 1474w\" sizes=\"(max-width: 285px) 100vw, 285px\" \/><\/figure><\/div>\n\n\n<p class=\"has-text-align-center\"><span style=\"font-family: book antiqua,palatino;\"><span style=\"font-size: 14pt;\"><strong>Dr. Nabendu Sircar (*19.6.1939 &#8211; \u095015.9.2012)<\/strong><\/span><\/span><\/p>\n\n\n\n<p>Nabendu hat unseren F\u00f6rderverein zur Unterst\u00fctzung des von ihm in seiner Heimat Kondolia\/Indien gegr\u00fcndeten Armenhospitals ins Leben gerufen und mit gro\u00dfem Engagement gef\u00fchrt.<\/p>\n\n\n\n<p>Wir werden ihn in liebevoller Erinnerung behalten und seine Werte Humanit\u00e4t und Toleranz weitertragen.<\/p>\n","protected":false},"excerpt":{"rendered":"<p>Der Krankenhaus Kondolia F\u00f6rderverein trauert um seinen Gr\u00fcnder, Vorsitzenden und Freund Dr. Nabendu Sircar (*19.6.1939 &#8211; \u095015.9.2012) Nabendu hat unseren F\u00f6rderverein zur Unterst\u00fctzung des von ihm in seiner Heimat Kondolia\/Indien gegr\u00fcndeten Armenhospitals ins Leben gerufen und mit gro\u00dfem Engagement gef\u00fchrt. Wir werden ihn in liebevoller Erinnerung behalten und seine Werte Humanit\u00e4t und Toleranz weitertragen.<\/p>\n","protected":false},"author":1,"featured_media":152,"comment_status":"closed","ping_status":"open","sticky":false,"template":"","format":"standard","meta":{"_uag_custom_page_level_css":"","footnotes":""},"categories":[6],"tags":[],"uagb_featured_image_src":{"full":["http:\/\/www.kondolia.de\/wp-content\/uploads\/2012\/09\/Portrait-Papa2-e1698613715190.jpg",1474,1550,false],"thumbnail":["http:\/\/www.kondolia.de\/wp-content\/uploads\/2012\/09\/Portrait-Papa2-e1698613715190-150x150.jpg",150,150,true],"medium":["http:\/\/www.kondolia.de\/wp-content\/uploads\/2012\/09\/Portrait-Papa2-e1698613715190-285x300.jpg",285,300,true],"medium_large":["http:\/\/www.kondolia.de\/wp-content\/uploads\/2012\/09\/Portrait-Papa2-e1698613715190-768x808.jpg",640,673,true],"large":["http:\/\/www.kondolia.de\/wp-content\/uploads\/2012\/09\/Portrait-Papa2-e1698613715190-974x1024.jpg",640,673,true],"elegant_blocks_team_1":["http:\/\/www.kondolia.de\/wp-content\/uploads\/2012\/09\/Portrait-Papa2-e1698613715190-500x500.jpg",500,500,true],"elegant_blocks_blog_1":["http:\/\/www.kondolia.de\/wp-content\/uploads\/2012\/09\/Portrait-Papa2-e1698613715190-693x462.jpg",693,462,true],"elegant_blocks_slider_1":["http:\/\/www.kondolia.de\/wp-content\/uploads\/2012\/09\/Portrait-Papa2-e1698613715190-1474x1000.jpg",1474,1000,true],"1536x1536":["http:\/\/www.kondolia.de\/wp-content\/uploads\/2012\/09\/Portrait-Papa2-e1698613715190-1461x1536.jpg",1461,1536,true],"2048x2048":["http:\/\/www.kondolia.de\/wp-content\/uploads\/2012\/09\/Portrait-Papa2-1464x2048.jpg",1464,2048,true],"bizberg_medium":["http:\/\/www.kondolia.de\/wp-content\/uploads\/2012\/09\/Portrait-Papa2-e1698613715190-300x300.jpg",300,300,true],"bizberg_gallery":["http:\/\/www.kondolia.de\/wp-content\/uploads\/2012\/09\/Portrait-Papa2-e1698613715190-500x400.jpg",500,400,true],"bizberg_blog_list":["http:\/\/www.kondolia.de\/wp-content\/uploads\/2012\/09\/Portrait-Papa2-e1698613715190-368x240.jpg",368,240,true],"bizberg_detail_image":["http:\/\/www.kondolia.de\/wp-content\/uploads\/2012\/09\/Portrait-Papa2-e1698613715190-825x400.jpg",825,400,true],"bizberg_detail_image_no_sidebar":["http:\/\/www.kondolia.de\/wp-content\/uploads\/2012\/09\/Portrait-Papa2-e1698613715190-920x400.jpg",920,400,true],"bizberg_portfolio_homepage":["http:\/\/www.kondolia.de\/wp-content\/uploads\/2012\/09\/Portrait-Papa2-e1698613715190-600x400.jpg",600,400,true],"bizberg_blog_list_no_sidebar_1":["http:\/\/www.kondolia.de\/wp-content\/uploads\/2012\/09\/Portrait-Papa2-e1698613715190-220x190.jpg",220,190,true]},"uagb_author_info":{"display_name":"admin","author_link":"http:\/\/www.kondolia.de\/?author=1"},"uagb_comment_info":0,"uagb_excerpt":"Der Krankenhaus Kondolia F\u00f6rderverein trauert um seinen Gr\u00fcnder, Vorsitzenden und Freund Dr. Nabendu Sircar (*19.6.1939 &#8211; \u095015.9.2012) Nabendu hat unseren F\u00f6rderverein zur Unterst\u00fctzung des von ihm in seiner Heimat Kondolia\/Indien gegr\u00fcndeten Armenhospitals ins Leben gerufen und mit gro\u00dfem Engagement gef\u00fchrt. Wir werden ihn in liebevoller Erinnerung behalten und seine Werte Humanit\u00e4t und Toleranz weitertragen.","_links":{"self":[{"href":"http:\/\/www.kondolia.de\/index.php?rest_route=\/wp\/v2\/posts\/78"}],"collection":[{"href":"http:\/\/www.kondolia.de\/index.php?rest_route=\/wp\/v2\/posts"}],"about":[{"href":"http:\/\/www.kondolia.de\/index.php?rest_route=\/wp\/v2\/types\/post"}],"author":[{"embeddable":true,"href":"http:\/\/www.kondolia.de\/index.php?rest_route=\/wp\/v2\/users\/1"}],"replies":[{"embeddable":true,"href":"http:\/\/www.kondolia.de\/index.php?rest_route=%2Fwp%2Fv2%2Fcomments&post=78"}],"version-history":[{"count":5,"href":"http:\/\/www.kondolia.de\/index.php?rest_route=\/wp\/v2\/posts\/78\/revisions"}],"predecessor-version":[{"id":662,"href":"http:\/\/www.kondolia.de\/index.php?rest_route=\/wp\/v2\/posts\/78\/revisions\/662"}],"wp:featuredmedia":[{"embeddable":true,"href":"http:\/\/www.kondolia.de\/index.php?rest_route=\/wp\/v2\/media\/152"}],"wp:attachment":[{"href":"http:\/\/www.kondolia.de\/index.php?rest_route=%2Fwp%2Fv2%2Fmedia&parent=78"}],"wp:term":[{"taxonomy":"category","embeddable":true,"href":"http:\/\/www.kondolia.de\/index.php?rest_route=%2Fwp%2Fv2%2Fcategories&post=78"},{"taxonomy":"post_tag","embeddable":true,"href":"http:\/\/www.kondolia.de\/index.php?rest_route=%2Fwp%2Fv2%2Ftags&post=78"}],"curies":[{"name":"wp","href":"https:\/\/api.w.org\/{rel}","templated":true}]}}