{"id":109,"date":"2012-10-26T21:15:00","date_gmt":"2012-10-26T19:15:00","guid":{"rendered":"http:\/\/www.kondolia.org\/?p=109"},"modified":"2023-12-30T00:41:10","modified_gmt":"2023-12-29T23:41:10","slug":"neuer-vorsitzender-dr-narayan-sircar","status":"publish","type":"post","link":"http:\/\/www.kondolia.de\/?p=109","title":{"rendered":"Neuer Vorsitzender Dr. Narayan Sircar"},"content":{"rendered":"\n<p>Nach dem Tod unseres Vereinsvorsitzenden Dr. Nabendu Sircar wurde f\u00fcr den 22. Oktober 2012 durch die \u00fcbrigen Vorstandsmitglieder eine au\u00dferordentliche Mitgliederversammlung einberufen, in der \u00fcber die Zukunft des F\u00f6rdervereins beraten wurde.<\/p>\n\n\n\n<p>Obwohl der Verein stark von der Person des verstorbenen Vereinsgr\u00fcnders und seiner Initiative abhing, waren sich die Mitglieder und der Beirat schnell dar\u00fcber einig, dass der Verein fortgef\u00fchrt werden solle, nichts zuletzt, um die bereits eingeworbenen Spendenmittel ihrem angedachten Verwendungszweck zukommen zu lassen.<\/p>\n\n\n\n<p>Auf Vorschlag des Beirats Dr. Amaresh Gupta hat sich Dr. Narayan Sircar, \u00e4ltester Sohn des verstorbenen Vereinsgr\u00fcnders, zur Wahl zum neuen Vereinsvorsitzenden stellen lassen und wurde einstimmig gew\u00e4hlt. Anders als sein Vater ist Dr. Narayan Sircar kein Arzt sondern promovierter Physiker. Er hat das Krankenhaus in Kondolia aber in der Vergangenheit zusammen mit seinem Vater besucht und kennt die handelnden Personen vor Ort. Dem neuen Vorsitzenden ist es ein Anliegen, dass das Projekt im Sinne seines Vaters fortgef\u00fchrt wird.<\/p>\n\n\n\n<p><\/p>\n","protected":false},"excerpt":{"rendered":"<p>Nach dem Tod unseres Vereinsvorsitzenden Dr. Nabendu Sircar wurde f\u00fcr den 22. Oktober 2012 durch die \u00fcbrigen Vorstandsmitglieder eine au\u00dferordentliche Mitgliederversammlung einberufen, in der \u00fcber die Zukunft des F\u00f6rdervereins beraten wurde. Obwohl der Verein stark von der Person des verstorbenen Vereinsgr\u00fcnders und seiner Initiative abhing, waren sich die Mitglieder und der Beirat schnell dar\u00fcber einig, dass der Verein fortgef\u00fchrt werden [&hellip;]<\/p>\n","protected":false},"author":1,"featured_media":0,"comment_status":"closed","ping_status":"open","sticky":false,"template":"","format":"standard","meta":{"_uag_custom_page_level_css":"","footnotes":""},"categories":[6],"tags":[],"uagb_featured_image_src":{"full":false,"thumbnail":false,"medium":false,"medium_large":false,"large":false,"elegant_blocks_team_1":false,"elegant_blocks_blog_1":false,"elegant_blocks_slider_1":false,"1536x1536":false,"2048x2048":false,"bizberg_medium":false,"bizberg_gallery":false,"bizberg_blog_list":false,"bizberg_detail_image":false,"bizberg_detail_image_no_sidebar":false,"bizberg_portfolio_homepage":false,"bizberg_blog_list_no_sidebar_1":false},"uagb_author_info":{"display_name":"admin","author_link":"http:\/\/www.kondolia.de\/?author=1"},"uagb_comment_info":0,"uagb_excerpt":"Nach dem Tod unseres Vereinsvorsitzenden Dr. Nabendu Sircar wurde f\u00fcr den 22. Oktober 2012 durch die \u00fcbrigen Vorstandsmitglieder eine au\u00dferordentliche Mitgliederversammlung einberufen, in der \u00fcber die Zukunft des F\u00f6rdervereins beraten wurde. Obwohl der Verein stark von der Person des verstorbenen Vereinsgr\u00fcnders und seiner Initiative abhing, waren sich die Mitglieder und der Beirat schnell dar\u00fcber einig,&hellip;","_links":{"self":[{"href":"http:\/\/www.kondolia.de\/index.php?rest_route=\/wp\/v2\/posts\/109"}],"collection":[{"href":"http:\/\/www.kondolia.de\/index.php?rest_route=\/wp\/v2\/posts"}],"about":[{"href":"http:\/\/www.kondolia.de\/index.php?rest_route=\/wp\/v2\/types\/post"}],"author":[{"embeddable":true,"href":"http:\/\/www.kondolia.de\/index.php?rest_route=\/wp\/v2\/users\/1"}],"replies":[{"embeddable":true,"href":"http:\/\/www.kondolia.de\/index.php?rest_route=%2Fwp%2Fv2%2Fcomments&post=109"}],"version-history":[{"count":1,"href":"http:\/\/www.kondolia.de\/index.php?rest_route=\/wp\/v2\/posts\/109\/revisions"}],"predecessor-version":[{"id":110,"href":"http:\/\/www.kondolia.de\/index.php?rest_route=\/wp\/v2\/posts\/109\/revisions\/110"}],"wp:attachment":[{"href":"http:\/\/www.kondolia.de\/index.php?rest_route=%2Fwp%2Fv2%2Fmedia&parent=109"}],"wp:term":[{"taxonomy":"category","embeddable":true,"href":"http:\/\/www.kondolia.de\/index.php?rest_route=%2Fwp%2Fv2%2Fcategories&post=109"},{"taxonomy":"post_tag","embeddable":true,"href":"http:\/\/www.kondolia.de\/index.php?rest_route=%2Fwp%2Fv2%2Ftags&post=109"}],"curies":[{"name":"wp","href":"https:\/\/api.w.org\/{rel}","templated":true}]}}